{"id":4254,"date":"2025-02-02T13:44:10","date_gmt":"2025-02-02T12:44:10","guid":{"rendered":"https:\/\/www.studiumgenerale.uni-mannheim.de\/?post_type=news&#038;p=4254"},"modified":"2025-02-02T13:45:16","modified_gmt":"2025-02-02T12:45:16","slug":"beratungstag-zu-den-sprachkursen-des-studium-generale-am-9-februar","status":"publish","type":"news","link":"https:\/\/www.studiumgenerale.uni-mannheim.de\/index.php\/news\/beratungstag-zu-den-sprachkursen-des-studium-generale-am-9-februar\/","title":{"rendered":"Beratungstag zu den Sprachkursen des Studium Generale am 6. Februar!"},"content":{"rendered":"<p>A<strong>m Donnerstag, 6. Februar beraten wir Euch von 11:00 bis 13:00 Uhr online oder vor Ort in L9,7 Raum 100 zu den Sprachen Englisch, Franz\u00f6sisch, Spanisch und Deutsch als Fremdsprache! Gerne k\u00f6nnt Ihr uns auch au\u00dferhalb dieser Zeiten zu den anderen Sprachen per Mail kontaktieren.\u00a0<\/strong><\/p>\n<p>Bitte meldet Euch zuvor per Mail, wenn Ihr einen Online Beratungstermin w\u00fcnscht<\/p>\n<p>studiumgenerale@service.uni-mannheim.de<\/p>\n<div class=\"vc_toggle_content\">\u00a0<\/div>\n<div class=\"vc_toggle_content\">\u00a0<\/div>\n\n\n<figure class=\"wp-block-image size-full\"><img loading=\"lazy\" decoding=\"async\" width=\"799\" height=\"628\" src=\"https:\/\/www.studiumgenerale.uni-mannheim.de\/wp-content\/uploads\/2021\/08\/Beratungstag-4.png\" alt=\"\" class=\"wp-image-2741\" srcset=\"https:\/\/www.studiumgenerale.uni-mannheim.de\/wp-content\/uploads\/2021\/08\/Beratungstag-4.png 799w, https:\/\/www.studiumgenerale.uni-mannheim.de\/wp-content\/uploads\/2021\/08\/Beratungstag-4-300x236.png 300w, https:\/\/www.studiumgenerale.uni-mannheim.de\/wp-content\/uploads\/2021\/08\/Beratungstag-4-768x604.png 768w\" sizes=\"auto, (max-width: 799px) 100vw, 799px\" \/><figcaption class=\"wp-element-caption\">Sprachberatung am 6. Februar  11:00-13:00 Uhr<\/figcaption><\/figure>\n\n\n\n<figure class=\"wp-block-gallery has-nested-images columns-default is-cropped wp-block-gallery-1 is-layout-flex wp-block-gallery-is-layout-flex\"><\/figure>\n","protected":false},"excerpt":{"rendered":"<p>Am Donnerstag, 6. Februar beraten wir Euch von 11:00 bis 13:00 Uhr online oder vor Ort in L9,7 Raum 100 zu den Sprachen Englisch, Franz\u00f6sisch, Spanisch und Deutsch als Fremdsprache! Gerne k\u00f6nnt Ihr uns auch au\u00dferhalb dieser Zeiten zu den anderen Sprachen per Mail kontaktieren.\u00a0 Bitte meldet Euch zuvor per Mail, wenn Ihr einen Online [&hellip;]<\/p>\n","protected":false},"author":9,"featured_media":0,"comment_status":"closed","ping_status":"closed","template":"","categories":[1],"newstags":[],"class_list":["post-4254","news","type-news","status-publish","hentry","category-uncategorized"],"yoast_head":"<!-- This site is optimized with the Yoast SEO plugin v26.1.1 - https:\/\/yoast.com\/wordpress\/plugins\/seo\/ -->\n<title>Beratungstag zu den Sprachkursen des Studium Generale am 6. Februar! - Studium Generale<\/title>\n<meta name=\"robots\" content=\"index, follow, max-snippet:-1, max-image-preview:large, max-video-preview:-1\" \/>\n<link rel=\"canonical\" href=\"https:\/\/www.studiumgenerale.uni-mannheim.de\/index.php\/news\/beratungstag-zu-den-sprachkursen-des-studium-generale-am-9-februar\/\" \/>\n<meta property=\"og:locale\" content=\"de_DE\" \/>\n<meta property=\"og:type\" content=\"article\" \/>\n<meta property=\"og:title\" content=\"Beratungstag zu den Sprachkursen des Studium Generale am 6. Februar! - Studium Generale\" \/>\n<meta property=\"og:description\" content=\"Am Donnerstag, 6. Februar beraten wir Euch von 11:00 bis 13:00 Uhr online oder vor Ort in L9,7 Raum 100 zu den Sprachen Englisch, Franz\u00f6sisch, Spanisch und Deutsch als Fremdsprache! Gerne k\u00f6nnt Ihr uns auch au\u00dferhalb dieser Zeiten zu den anderen Sprachen per Mail kontaktieren.\u00a0 Bitte meldet Euch zuvor per Mail, wenn Ihr einen Online [&hellip;]\" \/>\n<meta property=\"og:url\" content=\"https:\/\/www.studiumgenerale.uni-mannheim.de\/index.php\/news\/beratungstag-zu-den-sprachkursen-des-studium-generale-am-9-februar\/\" \/>\n<meta property=\"og:site_name\" content=\"Studium Generale\" \/>\n<meta property=\"article:modified_time\" content=\"2025-02-02T12:45:16+00:00\" \/>\n<meta property=\"og:image\" content=\"https:\/\/www.studiumgenerale.uni-mannheim.de\/wp-content\/uploads\/2021\/08\/Beratungstag-4.png\" \/>\n\t<meta property=\"og:image:width\" content=\"799\" \/>\n\t<meta property=\"og:image:height\" content=\"628\" \/>\n\t<meta property=\"og:image:type\" content=\"image\/png\" \/>\n<meta name=\"twitter:card\" content=\"summary_large_image\" \/>\n<meta name=\"twitter:label1\" content=\"Gesch\u00e4tzte Lesezeit\" \/>\n\t<meta name=\"twitter:data1\" content=\"1\u00a0Minute\" \/>\n<script type=\"application\/ld+json\" class=\"yoast-schema-graph\">{\"@context\":\"https:\/\/schema.org\",\"@graph\":[{\"@type\":\"WebPage\",\"@id\":\"https:\/\/www.studiumgenerale.uni-mannheim.de\/index.php\/news\/beratungstag-zu-den-sprachkursen-des-studium-generale-am-9-februar\/\",\"url\":\"https:\/\/www.studiumgenerale.uni-mannheim.de\/index.php\/news\/beratungstag-zu-den-sprachkursen-des-studium-generale-am-9-februar\/\",\"name\":\"Beratungstag zu den Sprachkursen des Studium Generale am 6. Februar! - Studium Generale\",\"isPartOf\":{\"@id\":\"https:\/\/www.studiumgenerale.uni-mannheim.de\/#website\"},\"primaryImageOfPage\":{\"@id\":\"https:\/\/www.studiumgenerale.uni-mannheim.de\/index.php\/news\/beratungstag-zu-den-sprachkursen-des-studium-generale-am-9-februar\/#primaryimage\"},\"image\":{\"@id\":\"https:\/\/www.studiumgenerale.uni-mannheim.de\/index.php\/news\/beratungstag-zu-den-sprachkursen-des-studium-generale-am-9-februar\/#primaryimage\"},\"thumbnailUrl\":\"https:\/\/www.studiumgenerale.uni-mannheim.de\/wp-content\/uploads\/2021\/08\/Beratungstag-4.png\",\"datePublished\":\"2025-02-02T12:44:10+00:00\",\"dateModified\":\"2025-02-02T12:45:16+00:00\",\"breadcrumb\":{\"@id\":\"https:\/\/www.studiumgenerale.uni-mannheim.de\/index.php\/news\/beratungstag-zu-den-sprachkursen-des-studium-generale-am-9-februar\/#breadcrumb\"},\"inLanguage\":\"de\",\"potentialAction\":[{\"@type\":\"ReadAction\",\"target\":[\"https:\/\/www.studiumgenerale.uni-mannheim.de\/index.php\/news\/beratungstag-zu-den-sprachkursen-des-studium-generale-am-9-februar\/\"]}]},{\"@type\":\"ImageObject\",\"inLanguage\":\"de\",\"@id\":\"https:\/\/www.studiumgenerale.uni-mannheim.de\/index.php\/news\/beratungstag-zu-den-sprachkursen-des-studium-generale-am-9-februar\/#primaryimage\",\"url\":\"https:\/\/www.studiumgenerale.uni-mannheim.de\/wp-content\/uploads\/2021\/08\/Beratungstag-4.png\",\"contentUrl\":\"https:\/\/www.studiumgenerale.uni-mannheim.de\/wp-content\/uploads\/2021\/08\/Beratungstag-4.png\",\"width\":799,\"height\":628,\"caption\":\"Sprachberatung am 9. September 11.00-13.00 Uhr!\"},{\"@type\":\"BreadcrumbList\",\"@id\":\"https:\/\/www.studiumgenerale.uni-mannheim.de\/index.php\/news\/beratungstag-zu-den-sprachkursen-des-studium-generale-am-9-februar\/#breadcrumb\",\"itemListElement\":[{\"@type\":\"ListItem\",\"position\":1,\"name\":\"Startseite\",\"item\":\"https:\/\/www.studiumgenerale.uni-mannheim.de\/\"},{\"@type\":\"ListItem\",\"position\":2,\"name\":\"Aktuelles\",\"item\":\"https:\/\/www.studiumgenerale.uni-mannheim.de\/index.php\/news\/\"},{\"@type\":\"ListItem\",\"position\":3,\"name\":\"Beratungstag zu den Sprachkursen des Studium Generale am 9. Februar!\"}]},{\"@type\":\"WebSite\",\"@id\":\"https:\/\/www.studiumgenerale.uni-mannheim.de\/#website\",\"url\":\"https:\/\/www.studiumgenerale.uni-mannheim.de\/\",\"name\":\"Studium Generale\",\"description\":\"\",\"publisher\":{\"@id\":\"https:\/\/www.studiumgenerale.uni-mannheim.de\/#organization\"},\"potentialAction\":[{\"@type\":\"SearchAction\",\"target\":{\"@type\":\"EntryPoint\",\"urlTemplate\":\"https:\/\/www.studiumgenerale.uni-mannheim.de\/?s={search_term_string}\"},\"query-input\":{\"@type\":\"PropertyValueSpecification\",\"valueRequired\":true,\"valueName\":\"search_term_string\"}}],\"inLanguage\":\"de\"},{\"@type\":\"Organization\",\"@id\":\"https:\/\/www.studiumgenerale.uni-mannheim.de\/#organization\",\"name\":\"Studium Generale\",\"url\":\"https:\/\/www.studiumgenerale.uni-mannheim.de\/\",\"logo\":{\"@type\":\"ImageObject\",\"inLanguage\":\"de\",\"@id\":\"https:\/\/www.studiumgenerale.uni-mannheim.de\/#\/schema\/logo\/image\/\",\"url\":\"https:\/\/www.studiumgenerale.uni-mannheim.de\/wp-content\/uploads\/2021\/09\/StudGen.jpg\",\"contentUrl\":\"https:\/\/www.studiumgenerale.uni-mannheim.de\/wp-content\/uploads\/2021\/09\/StudGen.jpg\",\"width\":400,\"height\":120,\"caption\":\"Studium Generale\"},\"image\":{\"@id\":\"https:\/\/www.studiumgenerale.uni-mannheim.de\/#\/schema\/logo\/image\/\"}}]}<\/script>\n<!-- \/ Yoast SEO plugin. -->","yoast_head_json":{"title":"Beratungstag zu den Sprachkursen des Studium Generale am 6. Februar! - Studium Generale","robots":{"index":"index","follow":"follow","max-snippet":"max-snippet:-1","max-image-preview":"max-image-preview:large","max-video-preview":"max-video-preview:-1"},"canonical":"https:\/\/www.studiumgenerale.uni-mannheim.de\/index.php\/news\/beratungstag-zu-den-sprachkursen-des-studium-generale-am-9-februar\/","og_locale":"de_DE","og_type":"article","og_title":"Beratungstag zu den Sprachkursen des Studium Generale am 6. Februar! - Studium Generale","og_description":"Am Donnerstag, 6. Februar beraten wir Euch von 11:00 bis 13:00 Uhr online oder vor Ort in L9,7 Raum 100 zu den Sprachen Englisch, Franz\u00f6sisch, Spanisch und Deutsch als Fremdsprache! Gerne k\u00f6nnt Ihr uns auch au\u00dferhalb dieser Zeiten zu den anderen Sprachen per Mail kontaktieren.\u00a0 Bitte meldet Euch zuvor per Mail, wenn Ihr einen Online [&hellip;]","og_url":"https:\/\/www.studiumgenerale.uni-mannheim.de\/index.php\/news\/beratungstag-zu-den-sprachkursen-des-studium-generale-am-9-februar\/","og_site_name":"Studium Generale","article_modified_time":"2025-02-02T12:45:16+00:00","og_image":[{"width":799,"height":628,"url":"https:\/\/www.studiumgenerale.uni-mannheim.de\/wp-content\/uploads\/2021\/08\/Beratungstag-4.png","type":"image\/png"}],"twitter_card":"summary_large_image","twitter_misc":{"Gesch\u00e4tzte Lesezeit":"1\u00a0Minute"},"schema":{"@context":"https:\/\/schema.org","@graph":[{"@type":"WebPage","@id":"https:\/\/www.studiumgenerale.uni-mannheim.de\/index.php\/news\/beratungstag-zu-den-sprachkursen-des-studium-generale-am-9-februar\/","url":"https:\/\/www.studiumgenerale.uni-mannheim.de\/index.php\/news\/beratungstag-zu-den-sprachkursen-des-studium-generale-am-9-februar\/","name":"Beratungstag zu den Sprachkursen des Studium Generale am 6. Februar! - Studium Generale","isPartOf":{"@id":"https:\/\/www.studiumgenerale.uni-mannheim.de\/#website"},"primaryImageOfPage":{"@id":"https:\/\/www.studiumgenerale.uni-mannheim.de\/index.php\/news\/beratungstag-zu-den-sprachkursen-des-studium-generale-am-9-februar\/#primaryimage"},"image":{"@id":"https:\/\/www.studiumgenerale.uni-mannheim.de\/index.php\/news\/beratungstag-zu-den-sprachkursen-des-studium-generale-am-9-februar\/#primaryimage"},"thumbnailUrl":"https:\/\/www.studiumgenerale.uni-mannheim.de\/wp-content\/uploads\/2021\/08\/Beratungstag-4.png","datePublished":"2025-02-02T12:44:10+00:00","dateModified":"2025-02-02T12:45:16+00:00","breadcrumb":{"@id":"https:\/\/www.studiumgenerale.uni-mannheim.de\/index.php\/news\/beratungstag-zu-den-sprachkursen-des-studium-generale-am-9-februar\/#breadcrumb"},"inLanguage":"de","potentialAction":[{"@type":"ReadAction","target":["https:\/\/www.studiumgenerale.uni-mannheim.de\/index.php\/news\/beratungstag-zu-den-sprachkursen-des-studium-generale-am-9-februar\/"]}]},{"@type":"ImageObject","inLanguage":"de","@id":"https:\/\/www.studiumgenerale.uni-mannheim.de\/index.php\/news\/beratungstag-zu-den-sprachkursen-des-studium-generale-am-9-februar\/#primaryimage","url":"https:\/\/www.studiumgenerale.uni-mannheim.de\/wp-content\/uploads\/2021\/08\/Beratungstag-4.png","contentUrl":"https:\/\/www.studiumgenerale.uni-mannheim.de\/wp-content\/uploads\/2021\/08\/Beratungstag-4.png","width":799,"height":628,"caption":"Sprachberatung am 9. September 11.00-13.00 Uhr!"},{"@type":"BreadcrumbList","@id":"https:\/\/www.studiumgenerale.uni-mannheim.de\/index.php\/news\/beratungstag-zu-den-sprachkursen-des-studium-generale-am-9-februar\/#breadcrumb","itemListElement":[{"@type":"ListItem","position":1,"name":"Startseite","item":"https:\/\/www.studiumgenerale.uni-mannheim.de\/"},{"@type":"ListItem","position":2,"name":"Aktuelles","item":"https:\/\/www.studiumgenerale.uni-mannheim.de\/index.php\/news\/"},{"@type":"ListItem","position":3,"name":"Beratungstag zu den Sprachkursen des Studium Generale am 9. Februar!"}]},{"@type":"WebSite","@id":"https:\/\/www.studiumgenerale.uni-mannheim.de\/#website","url":"https:\/\/www.studiumgenerale.uni-mannheim.de\/","name":"Studium Generale","description":"","publisher":{"@id":"https:\/\/www.studiumgenerale.uni-mannheim.de\/#organization"},"potentialAction":[{"@type":"SearchAction","target":{"@type":"EntryPoint","urlTemplate":"https:\/\/www.studiumgenerale.uni-mannheim.de\/?s={search_term_string}"},"query-input":{"@type":"PropertyValueSpecification","valueRequired":true,"valueName":"search_term_string"}}],"inLanguage":"de"},{"@type":"Organization","@id":"https:\/\/www.studiumgenerale.uni-mannheim.de\/#organization","name":"Studium Generale","url":"https:\/\/www.studiumgenerale.uni-mannheim.de\/","logo":{"@type":"ImageObject","inLanguage":"de","@id":"https:\/\/www.studiumgenerale.uni-mannheim.de\/#\/schema\/logo\/image\/","url":"https:\/\/www.studiumgenerale.uni-mannheim.de\/wp-content\/uploads\/2021\/09\/StudGen.jpg","contentUrl":"https:\/\/www.studiumgenerale.uni-mannheim.de\/wp-content\/uploads\/2021\/09\/StudGen.jpg","width":400,"height":120,"caption":"Studium Generale"},"image":{"@id":"https:\/\/www.studiumgenerale.uni-mannheim.de\/#\/schema\/logo\/image\/"}}]}},"post_mailing_queue_ids":[],"_links":{"self":[{"href":"https:\/\/www.studiumgenerale.uni-mannheim.de\/index.php\/wp-json\/wp\/v2\/news\/4254","targetHints":{"allow":["GET"]}}],"collection":[{"href":"https:\/\/www.studiumgenerale.uni-mannheim.de\/index.php\/wp-json\/wp\/v2\/news"}],"about":[{"href":"https:\/\/www.studiumgenerale.uni-mannheim.de\/index.php\/wp-json\/wp\/v2\/types\/news"}],"author":[{"embeddable":true,"href":"https:\/\/www.studiumgenerale.uni-mannheim.de\/index.php\/wp-json\/wp\/v2\/users\/9"}],"replies":[{"embeddable":true,"href":"https:\/\/www.studiumgenerale.uni-mannheim.de\/index.php\/wp-json\/wp\/v2\/comments?post=4254"}],"wp:attachment":[{"href":"https:\/\/www.studiumgenerale.uni-mannheim.de\/index.php\/wp-json\/wp\/v2\/media?parent=4254"}],"wp:term":[{"taxonomy":"category","embeddable":true,"href":"https:\/\/www.studiumgenerale.uni-mannheim.de\/index.php\/wp-json\/wp\/v2\/categories?post=4254"},{"taxonomy":"newstags","embeddable":true,"href":"https:\/\/www.studiumgenerale.uni-mannheim.de\/index.php\/wp-json\/wp\/v2\/newstags?post=4254"}],"curies":[{"name":"wp","href":"https:\/\/api.w.org\/{rel}","templated":true}]}}